{"id":7008,"date":"2025-12-18T14:30:00","date_gmt":"2025-12-18T17:30:00","guid":{"rendered":"https:\/\/secbg.com.br\/?p=7008"},"modified":"2026-01-06T14:27:58","modified_gmt":"2026-01-06T17:27:58","slug":"tendencias-do-mercado-de-trabalho-para-2026","status":"publish","type":"post","link":"https:\/\/secbg.com.br\/?p=7008","title":{"rendered":"Tend\u00eancias do mercado de trabalho para 2026"},"content":{"rendered":"\n<p>No pr\u00f3ximo ano, o mercado de trabalho brasileiro promete trazer desafios e oportunidades. Transforma\u00e7\u00f5es tecnol\u00f3gicas, macroecon\u00f4micas e pol\u00edticas devem influenciar diretamente a oferta e demanda de trabalho e a rotina profissional. O nosso estudo de Social Listening e monitoramento sobre as tend\u00eancias para 2026 identificou os principais pontos de alerta para os trabalhadores. Acompanhe a leitura.<\/p>\n\n\n\n<p><strong>Tecnologia: IA acelera mudan\u00e7as e exige requalifica\u00e7\u00e3o<\/strong><\/p>\n\n\n\n<p>A intelig\u00eancia artificial continua a avan\u00e7ar e deve impactar com ainda mais for\u00e7a micro e pequenas empresas. A expans\u00e3o de startups, fintechs e servi\u00e7os digitais intensifica a automa\u00e7\u00e3o e levanta receios sobre substitui\u00e7\u00e3o de fun\u00e7\u00f5es. Estimativas apontam que at\u00e9 54% das vagas formais podem ser automatizadas at\u00e9 2026, especialmente em atividades repetitivas.<\/p>\n\n\n\n<p>Esse cen\u00e1rio refor\u00e7a a necessidade de requalifica\u00e7\u00e3o cont\u00ednua. Habilidades como alfabetiza\u00e7\u00e3o tecnol\u00f3gica, Big Data, IA, pensamento anal\u00edtico e criatividade estar\u00e3o entre as mais demandadas no pa\u00eds. Empresas que investirem em capacita\u00e7\u00e3o ganhar\u00e3o vantagem competitiva ao preparar suas equipes para um ambiente cada vez mais digital.<\/p>\n\n\n\n<p><strong>Economia: desacelera\u00e7\u00e3o e cautela<\/strong><\/p>\n\n\n\n<p>A economia deve seguir em ritmo moderado. O Instituto de Pesquisa Econ\u00f4mica Aplicada (IPEA) projeta crescimento do PIB entre 1,6% e 1,8%. A Selic pode iniciar um ciclo de queda, mas ainda permanecer\u00e1 em alta, pr\u00f3xima de 11%. A Organiza\u00e7\u00e3o para a Coopera\u00e7\u00e3o e Desenvolvimento Econ\u00f4mico (OCDE) refor\u00e7a a perspectiva de crescimento limitado. Para o trabalhador, isso significa maior aten\u00e7\u00e3o \u00e0 estabilidade de setores e empresas, al\u00e9m de prud\u00eancia em decis\u00f5es de carreira.<\/p>\n\n\n\n<p><strong>Cen\u00e1rio pol\u00edtico: elei\u00e7\u00f5es e incertezas<\/strong><\/p>\n\n\n\n<p>A disputa presidencial de 2026 tende a intensificar discuss\u00f5es sobre disciplina fiscal e confian\u00e7a do mercado. A instabilidade em pol\u00edticas econ\u00f4micas pode afetar investimentos, abertura de vagas e decis\u00f5es estrat\u00e9gicas nas empresas. A polariza\u00e7\u00e3o j\u00e1 se reflete nos ambientes de trabalho, tornando o clima interno mais sens\u00edvel.<\/p>\n\n\n\n<p><strong>Copa do Mundo: consumo em alta e vagas tempor\u00e1rias<\/strong><\/p>\n\n\n\n<p>De 11 de junho a 19 de julho, a Copa do Mundo dever\u00e1 aquecer setores como bares, restaurantes, turismo, hotelaria e varejo, com o aumento de contrata\u00e7\u00f5es tempor\u00e1rias. A venda de produtos oficiais pode crescer, caso a Sele\u00e7\u00e3o Brasileira avance no torneio. Ao mesmo tempo, alguns setores devem registrar pausas na rotina durante os jogos, alterando fluxos de trabalho.<\/p>\n\n\n\n<p><strong>Principais desafios para os trabalhadores:<\/strong><\/p>\n\n\n\n<ul class=\"wp-block-list\">\n<li>Demiss\u00f5es cont\u00ednuas (\u201c<em>forever layoff<\/em>\u201d): cortes menores, por\u00e9m frequentes, elevam o estresse e a sensa\u00e7\u00e3o de inseguran\u00e7a.<\/li>\n\n\n\n<li>Retorno ao presencial: mais empresas querem equipes fisicamente presentes, reduzindo a autonomia de quem se beneficiou de formatos h\u00edbridos.<\/li>\n\n\n\n<li>Incertezas macroecon\u00f4micas e pol\u00edticas.<\/li>\n<\/ul>\n\n\n\n<p>O pr\u00f3ximo ano exigir\u00e1 adapta\u00e7\u00e3o, atualiza\u00e7\u00e3o e prote\u00e7\u00e3o. Com informa\u00e7\u00e3o, preparo e articula\u00e7\u00e3o coletiva, ser\u00e1 poss\u00edvel enfrentar as mudan\u00e7as do mercado de trabalho equilibrando produtividade, seguran\u00e7a e bem-estar.<em><\/em><\/p>\n\n\n\n<p><\/p>\n\n\n\n<p>Fonte: Gera\u00e7\u00e3o T &#8211; Fase 2<br>UGT \/ SEC-BG<\/p>\n","protected":false},"excerpt":{"rendered":"<p class=\"card-text\">No pr\u00f3ximo ano, o mercado de trabalho brasileiro promete trazer desafios e oportunidades. Transforma\u00e7\u00f5es tecnol\u00f3gicas, macroecon\u00f4micas e pol\u00edticas devem influenciar diretamente a oferta e demanda de trabalho e a rotina profissional. O nosso estudo de Social Listening e monitoramento sobre as tend\u00eancias para 2026 identificou os principais pontos de alerta para os trabalhadores. Acompanhe a [&#8230;]<\/p>\n<p class=\"m-0\"><a class=\"btn btn-outline-secondary btn-read-more\" href=\"https:\/\/secbg.com.br\/?p=7008\">Read More<\/a><\/p>\n","protected":false},"author":3,"featured_media":7009,"comment_status":"closed","ping_status":"closed","sticky":false,"template":"","format":"standard","meta":{"footnotes":""},"categories":[68],"tags":[],"class_list":["post-7008","post","type-post","status-publish","format-standard","has-post-thumbnail","hentry","category-noticias"],"_links":{"self":[{"href":"https:\/\/secbg.com.br\/index.php?rest_route=\/wp\/v2\/posts\/7008","targetHints":{"allow":["GET"]}}],"collection":[{"href":"https:\/\/secbg.com.br\/index.php?rest_route=\/wp\/v2\/posts"}],"about":[{"href":"https:\/\/secbg.com.br\/index.php?rest_route=\/wp\/v2\/types\/post"}],"author":[{"embeddable":true,"href":"https:\/\/secbg.com.br\/index.php?rest_route=\/wp\/v2\/users\/3"}],"replies":[{"embeddable":true,"href":"https:\/\/secbg.com.br\/index.php?rest_route=%2Fwp%2Fv2%2Fcomments&post=7008"}],"version-history":[{"count":1,"href":"https:\/\/secbg.com.br\/index.php?rest_route=\/wp\/v2\/posts\/7008\/revisions"}],"predecessor-version":[{"id":7010,"href":"https:\/\/secbg.com.br\/index.php?rest_route=\/wp\/v2\/posts\/7008\/revisions\/7010"}],"wp:featuredmedia":[{"embeddable":true,"href":"https:\/\/secbg.com.br\/index.php?rest_route=\/wp\/v2\/media\/7009"}],"wp:attachment":[{"href":"https:\/\/secbg.com.br\/index.php?rest_route=%2Fwp%2Fv2%2Fmedia&parent=7008"}],"wp:term":[{"taxonomy":"category","embeddable":true,"href":"https:\/\/secbg.com.br\/index.php?rest_route=%2Fwp%2Fv2%2Fcategories&post=7008"},{"taxonomy":"post_tag","embeddable":true,"href":"https:\/\/secbg.com.br\/index.php?rest_route=%2Fwp%2Fv2%2Ftags&post=7008"}],"curies":[{"name":"wp","href":"https:\/\/api.w.org\/{rel}","templated":true}]}}