{"id":7062,"date":"2026-02-25T13:35:26","date_gmt":"2026-02-25T16:35:26","guid":{"rendered":"https:\/\/secbg.com.br\/?p=7062"},"modified":"2026-02-25T13:35:30","modified_gmt":"2026-02-25T16:35:30","slug":"sec-bg-prestigia-inauguracao-da-escola-sesc-sao-judas-em-porto-alegre-da-rede-sesc-de-educacao","status":"publish","type":"post","link":"https:\/\/secbg.com.br\/?p=7062","title":{"rendered":"SEC-BG prestigia inaugura\u00e7\u00e3o da Escola Sesc S\u00e3o Judas em Porto Alegre, da Rede Sesc de Educa\u00e7\u00e3o"},"content":{"rendered":"\n<p>Dirigentes do Sindicato, que fazem parte do Conselho do Sesc e do Senac, estiveram no evento realizado na noite desta ter\u00e7a-feira, 24<\/p>\n\n\n\n<p>O Sesc\/RS inaugurou, na noite desta ter\u00e7a-feira, 24 de fevereiro, a Escola Sesc S\u00e3o Judas, em Porto Alegre. A institui\u00e7\u00e3o marca a continuidade da hist\u00f3ria do tradicional Col\u00e9gio S\u00e3o Judas Tadeu, fundado em 1946 e agora incorporado \u00e0 rede de ensino do Sistema Fecom\u00e9rcio-RS\/Sesc\/Senac e IFEP. A cerim\u00f4nia contou com a presen\u00e7a da imprensa, autoridades e convidados, entre eles a conselheira do SESC, presidente do SEC-BG, Orildes Maria Lottici e o conselheiro do Senac, tesoureiro do SEC-BG, S\u00e9rgio Marino Ribeiro Neves. <\/p>\n\n\n\n<p>Durante sua fala, o presidente da entidade, Luiz Carlos Bohn, destacou os investimentos da entidade na \u00e1rea da educa\u00e7\u00e3o. \u201cEsta escola carrega uma trajet\u00f3ria significativa, tendo formado gera\u00e7\u00f5es e constru\u00eddo uma rela\u00e7\u00e3o s\u00f3lida com a comunidade. Agora integrada \u00e0 rede de ensino do Sesc\/RS, esse legado \u00e9 preservado e projetado para o futuro, com inova\u00e7\u00e3o, qualidade e compromisso social\u201d, disse.<\/p>\n\n\n\n<p>Localizada no cora\u00e7\u00e3o da Zona Norte de Porto Alegre, na Rua Dom Diogo de Souza, a escola deu in\u00edcio ao ano letivo no \u00faltimo dia 19, com nove turmas da Educa\u00e7\u00e3o Infantil \u2013 desde o ber\u00e7\u00e1rio at\u00e9 a pr\u00e9-escola -, quatro turmas de 1\u00ba ano do Ensino Fundamental e mais duas turmas de 1\u00ba ano do Ensino M\u00e9dio. S\u00e3o mais de 300 alunos que ter\u00e3o \u00e0 sua disposi\u00e7\u00e3o uma estrutura totalmente renovada, bem como a inser\u00e7\u00e3o de tecnologias educacionais no curr\u00edculo e atividades transdisciplinares organizadas por uma equipe pedag\u00f3gica qualificada.<\/p>\n\n\n\n<p>A estrutura passou por revitaliza\u00e7\u00f5es e adapta\u00e7\u00f5es para oferecer um espa\u00e7o moderno e acolhedor, alinhado \u00e0 proposta pedag\u00f3gica. A primeira etapa de obras entregou um espa\u00e7o que conta com 15 salas de aula, gin\u00e1sio poliesportivo, duas quadras externas, playground e \u00e1reas de conviv\u00eancia. Em etapas seguintes, ser\u00e3o entregues uma piscina de uso pedag\u00f3gico, biblioteca, audit\u00f3rio e laborat\u00f3rio de ci\u00eancias, e ampliada a oferta para os demais anos do Ensino Fundamental e M\u00e9dio, atingindo a capacidade total de 900 estudantes.<\/p>\n\n\n\n<p>Educa\u00e7\u00e3o Sesc \u2013 O Sesc\/RS est\u00e1 presente no desenvolvimento da sociedade ga\u00facha desde a inf\u00e2ncia. H\u00e1 25 anos no Estado, a Escola Sesc de Educa\u00e7\u00e3o Infantil tem 18 unidades em 17 cidades. Com o prop\u00f3sito de desenvolver a curiosidade, a criatividade, o senso cr\u00edtico e a autonomia, a institui\u00e7\u00e3o possibilita a continuidade da forma\u00e7\u00e3o com a Escola de Ensino Fundamental em Novo Hamburgo, Santa Maria e Santa Cruz do Sul. No turno inverso \u00e0 escola, crian\u00e7as de 6 a 12 anos, podem desenvolver a criatividade e ludicidade, com uma educa\u00e7\u00e3o integral em um ambiente seguro com o Criar Sesc, presente em 13 Unidades. Com a EAD EJA, a institui\u00e7\u00e3o tamb\u00e9m oferece a possibilidade de conclus\u00e3o do Ensino M\u00e9dio gratuitamente para jovens e adultos em diversos polos no RS.<\/p>\n\n\n\n<p><\/p>\n\n\n\n<p>Fonte\/Texto: Assessoria de Imprensa do Sistema Fecom\u00e9rcio, com informa\u00e7\u00f5es da Assessoria de Imprensa do SEC-BG.<br>Foto: Carlos Macedo<\/p>\n","protected":false},"excerpt":{"rendered":"<p class=\"card-text\">Dirigentes do Sindicato, que fazem parte do Conselho do Sesc e do Senac, estiveram no evento realizado na noite desta ter\u00e7a-feira, 24 O Sesc\/RS inaugurou, na noite desta ter\u00e7a-feira, 24 de fevereiro, a Escola Sesc S\u00e3o Judas, em Porto Alegre. A institui\u00e7\u00e3o marca a continuidade da hist\u00f3ria do tradicional Col\u00e9gio S\u00e3o Judas Tadeu, fundado em [&#8230;]<\/p>\n<p class=\"m-0\"><a class=\"btn btn-outline-secondary btn-read-more\" href=\"https:\/\/secbg.com.br\/?p=7062\">Read More<\/a><\/p>\n","protected":false},"author":3,"featured_media":7063,"comment_status":"closed","ping_status":"closed","sticky":false,"template":"","format":"standard","meta":{"footnotes":""},"categories":[1],"tags":[],"class_list":["post-7062","post","type-post","status-publish","format-standard","has-post-thumbnail","hentry","category-uncategorized"],"_links":{"self":[{"href":"https:\/\/secbg.com.br\/index.php?rest_route=\/wp\/v2\/posts\/7062","targetHints":{"allow":["GET"]}}],"collection":[{"href":"https:\/\/secbg.com.br\/index.php?rest_route=\/wp\/v2\/posts"}],"about":[{"href":"https:\/\/secbg.com.br\/index.php?rest_route=\/wp\/v2\/types\/post"}],"author":[{"embeddable":true,"href":"https:\/\/secbg.com.br\/index.php?rest_route=\/wp\/v2\/users\/3"}],"replies":[{"embeddable":true,"href":"https:\/\/secbg.com.br\/index.php?rest_route=%2Fwp%2Fv2%2Fcomments&post=7062"}],"version-history":[{"count":1,"href":"https:\/\/secbg.com.br\/index.php?rest_route=\/wp\/v2\/posts\/7062\/revisions"}],"predecessor-version":[{"id":7064,"href":"https:\/\/secbg.com.br\/index.php?rest_route=\/wp\/v2\/posts\/7062\/revisions\/7064"}],"wp:featuredmedia":[{"embeddable":true,"href":"https:\/\/secbg.com.br\/index.php?rest_route=\/wp\/v2\/media\/7063"}],"wp:attachment":[{"href":"https:\/\/secbg.com.br\/index.php?rest_route=%2Fwp%2Fv2%2Fmedia&parent=7062"}],"wp:term":[{"taxonomy":"category","embeddable":true,"href":"https:\/\/secbg.com.br\/index.php?rest_route=%2Fwp%2Fv2%2Fcategories&post=7062"},{"taxonomy":"post_tag","embeddable":true,"href":"https:\/\/secbg.com.br\/index.php?rest_route=%2Fwp%2Fv2%2Ftags&post=7062"}],"curies":[{"name":"wp","href":"https:\/\/api.w.org\/{rel}","templated":true}]}}